{"id":2232,"date":"2025-10-17T13:54:06","date_gmt":"2025-10-17T11:54:06","guid":{"rendered":"https:\/\/www.tvwas.de\/?p=2232"},"modified":"2025-10-17T13:54:08","modified_gmt":"2025-10-17T11:54:08","slug":"erfolgreiche-kraichgauregatta-mit-grossem-engagement-und-teamgeist","status":"publish","type":"post","link":"https:\/\/www.tvwas.de\/?p=2232","title":{"rendered":"Erfolgreiche Kraichgauregatta mit gro\u00dfem Engagement und Teamgeist"},"content":{"rendered":"\n<p>Am vergangenen Wochenende fand die traditionelle Kraichgauregatta der Segelabteilung des TV Eintracht Weiher auf dem Hardtsee statt.&nbsp; Regattaleiter Markus St\u00f6ckner f\u00fchrte gemeinsam mit Thomas Ott am Samstag und Sebastian Hensel am Sonntag souver\u00e4n durch das sportliche Geschehen. Insgesamt 15 Boote gingen an den Start, darunter drei Optis, die in der separaten Opti-Kids-Regatta antraten. Bei leichten Winden aus Nord bis Nordost mit maximal 2 Beaufort konnten f\u00fcnf L\u00e4ufe gesegelt werden \u2013 drei am Samstag und zwei am Sonntag. Der letzte Lauf am Sonntag war aufgrund der schwachen Windverh\u00e4ltnisse besonders herausfordernd.<\/p>\n\n\n\n<figure class=\"wp-block-image size-full wp-duotone-unset-1\"><a href=\"https:\/\/www.tvwas.de\/wordpress\/wp-content\/uploads\/2025\/10\/9692DA10-1DC3-4DF5-BDD5-103AB59A9EF1_1_105_c-1.jpeg\"><img loading=\"lazy\" decoding=\"async\" width=\"1024\" height=\"332\" src=\"https:\/\/www.tvwas.de\/wordpress\/wp-content\/uploads\/2025\/10\/9692DA10-1DC3-4DF5-BDD5-103AB59A9EF1_1_105_c-1.jpeg\" alt=\"\" class=\"wp-image-2234\" srcset=\"https:\/\/www.tvwas.de\/wordpress\/wp-content\/uploads\/2025\/10\/9692DA10-1DC3-4DF5-BDD5-103AB59A9EF1_1_105_c-1.jpeg 1024w, https:\/\/www.tvwas.de\/wordpress\/wp-content\/uploads\/2025\/10\/9692DA10-1DC3-4DF5-BDD5-103AB59A9EF1_1_105_c-1-300x97.jpeg 300w, https:\/\/www.tvwas.de\/wordpress\/wp-content\/uploads\/2025\/10\/9692DA10-1DC3-4DF5-BDD5-103AB59A9EF1_1_105_c-1-768x249.jpeg 768w, https:\/\/www.tvwas.de\/wordpress\/wp-content\/uploads\/2025\/10\/9692DA10-1DC3-4DF5-BDD5-103AB59A9EF1_1_105_c-1-604x196.jpeg 604w\" sizes=\"auto, (max-width: 1024px) 100vw, 1024px\" \/><\/a><\/figure>\n\n\n\n<p>Die Motivation innerhalb der Segelabteilung war gro\u00df: Mit viel Engagement, Freude und Teamgeist gingen alle Teilnehmerinnen und Teilnehmer an den Start. Besonders erfreulich war, dass sich spontan auch mehrere reine Frauencrews bildeten.<\/p>\n\n\n\n<p>Den Sieg in der Wertung \u201eBestes Zweihandboot\u201c errangen Steuerfrau Therese Lorch und Vorschoter Patrick Hensel, der in diesem Jahr auch an der Weltmeisterschaft teilnahm, auf ihrem 420er. Das Duo konnte zudem den Wanderpokal des Jugendpreises, gestiftet vom Landrat des Landkreises Karlsruhe, bereits zum zweiten Mal nach zwei Jahren f\u00fcr sich entscheiden und den Gesamtsieg der Regatta erringen.<br>Rang zwei ging an J\u00fcrgen Riffel in der Klasse ILCA 7, der gleichzeitig bester Segler bei den Einhandbooten war. Die weitere Platzierung in der ersten H\u00e4lfte war wie folgt:<br>Rang 3: Julian Waldenmaier\/Tilo Waldenmaier (420er), Rang 4: Ben Einfeldt (Ilca 6), Rang 5: Linn Braun\/Nadja Braun (420er), Rang 6: Kurt Welsch\/Leander Lorch (49er)<br>In der Opti-Kids-Regatta starteten die drei Nachwuchsseglerinnen Mohana Georg, Alicia Tintinger und Nicole Tintinger, die mit Begeisterung und viel Einsatz auf dem Wasser dabei waren.<br>\u201eWir sind sehr stolz auf die tolle Beteiligung und die positive Stimmung an diesem Wochenende\u201c, res\u00fcmierte Regattaleiter Markus St\u00f6ckner. \u201eDie Veranstaltung hat gezeigt, wie lebendig und engagiert unsere Segelgemeinschaft ist.\u201c<\/p>\n\n\n\n<figure class=\"wp-block-image size-full\"><a href=\"https:\/\/www.tvwas.de\/wordpress\/wp-content\/uploads\/2025\/10\/C5738500-F9C8-4B10-809E-EFC72979DC80_1_105_c.jpeg\"><img loading=\"lazy\" decoding=\"async\" width=\"849\" height=\"422\" src=\"https:\/\/www.tvwas.de\/wordpress\/wp-content\/uploads\/2025\/10\/C5738500-F9C8-4B10-809E-EFC72979DC80_1_105_c.jpeg\" alt=\"\" class=\"wp-image-2235\" srcset=\"https:\/\/www.tvwas.de\/wordpress\/wp-content\/uploads\/2025\/10\/C5738500-F9C8-4B10-809E-EFC72979DC80_1_105_c.jpeg 849w, https:\/\/www.tvwas.de\/wordpress\/wp-content\/uploads\/2025\/10\/C5738500-F9C8-4B10-809E-EFC72979DC80_1_105_c-300x149.jpeg 300w, https:\/\/www.tvwas.de\/wordpress\/wp-content\/uploads\/2025\/10\/C5738500-F9C8-4B10-809E-EFC72979DC80_1_105_c-768x382.jpeg 768w, https:\/\/www.tvwas.de\/wordpress\/wp-content\/uploads\/2025\/10\/C5738500-F9C8-4B10-809E-EFC72979DC80_1_105_c-543x270.jpeg 543w\" sizes=\"auto, (max-width: 849px) 100vw, 849px\" \/><\/a><\/figure>\n\n\n\n<figure class=\"wp-block-image size-large is-resized\"><a href=\"https:\/\/www.tvwas.de\/wordpress\/wp-content\/uploads\/2025\/10\/WhatsApp-Image-2025-10-14-at-06.58.015.jpeg\"><img loading=\"lazy\" decoding=\"async\" width=\"768\" height=\"1024\" src=\"https:\/\/www.tvwas.de\/wordpress\/wp-content\/uploads\/2025\/10\/WhatsApp-Image-2025-10-14-at-06.58.015-768x1024.jpeg\" alt=\"\" class=\"wp-image-2236\" style=\"width:840px;height:auto\" srcset=\"https:\/\/www.tvwas.de\/wordpress\/wp-content\/uploads\/2025\/10\/WhatsApp-Image-2025-10-14-at-06.58.015-768x1024.jpeg 768w, https:\/\/www.tvwas.de\/wordpress\/wp-content\/uploads\/2025\/10\/WhatsApp-Image-2025-10-14-at-06.58.015-225x300.jpeg 225w, https:\/\/www.tvwas.de\/wordpress\/wp-content\/uploads\/2025\/10\/WhatsApp-Image-2025-10-14-at-06.58.015-1152x1536.jpeg 1152w, https:\/\/www.tvwas.de\/wordpress\/wp-content\/uploads\/2025\/10\/WhatsApp-Image-2025-10-14-at-06.58.015-203x270.jpeg 203w, https:\/\/www.tvwas.de\/wordpress\/wp-content\/uploads\/2025\/10\/WhatsApp-Image-2025-10-14-at-06.58.015.jpeg 1200w\" sizes=\"auto, (max-width: 768px) 100vw, 768px\" \/><\/a><\/figure>\n","protected":false},"excerpt":{"rendered":"<p>Am vergangenen Wochenende fand die traditionelle Kraichgauregatta der Segelabteilung des TV Eintracht Weiher auf dem Hardtsee statt.&nbsp; Regattaleiter Markus St\u00f6ckner f\u00fchrte gemeinsam mit Thomas Ott am Samstag und Sebastian Hensel am Sonntag souver\u00e4n durch das sportliche Geschehen. Insgesamt 15 Boote gingen an den Start, darunter drei Optis, die in der separaten Opti-Kids-Regatta antraten. Bei leichten Winden aus Nord bis Nordost mit maximal 2 Beaufort konnten f\u00fcnf L\u00e4ufe gesegelt werden \u2013 drei am Samstag und zwei am Sonntag. Der letzte Lauf&#8230;<\/p>\n<p class=\"read-more\"><a class=\"btn btn-default\" href=\"https:\/\/www.tvwas.de\/?p=2232\">Weiterlesen<span class=\"screen-reader-text\"> Weiterlesen<\/span><\/a><\/p>\n","protected":false},"author":7,"featured_media":0,"comment_status":"closed","ping_status":"closed","sticky":false,"template":"","format":"standard","meta":{"footnotes":""},"categories":[1],"tags":[],"class_list":["post-2232","post","type-post","status-publish","format-standard","hentry","category-allgemein"],"_links":{"self":[{"href":"https:\/\/www.tvwas.de\/index.php?rest_route=\/wp\/v2\/posts\/2232","targetHints":{"allow":["GET"]}}],"collection":[{"href":"https:\/\/www.tvwas.de\/index.php?rest_route=\/wp\/v2\/posts"}],"about":[{"href":"https:\/\/www.tvwas.de\/index.php?rest_route=\/wp\/v2\/types\/post"}],"author":[{"embeddable":true,"href":"https:\/\/www.tvwas.de\/index.php?rest_route=\/wp\/v2\/users\/7"}],"replies":[{"embeddable":true,"href":"https:\/\/www.tvwas.de\/index.php?rest_route=%2Fwp%2Fv2%2Fcomments&post=2232"}],"version-history":[{"count":1,"href":"https:\/\/www.tvwas.de\/index.php?rest_route=\/wp\/v2\/posts\/2232\/revisions"}],"predecessor-version":[{"id":2237,"href":"https:\/\/www.tvwas.de\/index.php?rest_route=\/wp\/v2\/posts\/2232\/revisions\/2237"}],"wp:attachment":[{"href":"https:\/\/www.tvwas.de\/index.php?rest_route=%2Fwp%2Fv2%2Fmedia&parent=2232"}],"wp:term":[{"taxonomy":"category","embeddable":true,"href":"https:\/\/www.tvwas.de\/index.php?rest_route=%2Fwp%2Fv2%2Fcategories&post=2232"},{"taxonomy":"post_tag","embeddable":true,"href":"https:\/\/www.tvwas.de\/index.php?rest_route=%2Fwp%2Fv2%2Ftags&post=2232"}],"curies":[{"name":"wp","href":"https:\/\/api.w.org\/{rel}","templated":true}]}}